{"id":250,"date":"2023-10-17T12:15:27","date_gmt":"2023-10-17T09:15:27","guid":{"rendered":"https:\/\/www.ongsbrasil.com.br\/blog\/?p=250"},"modified":"2023-10-17T12:17:40","modified_gmt":"2023-10-17T09:17:40","slug":"modelo-de-projeto-social-com-exemplo","status":"publish","type":"post","link":"https:\/\/ongsbrasil.com.br\/blog\/modelo-de-projeto-social-com-exemplo\/","title":{"rendered":"Modelo de Projeto Social &#8211; com Exemplo"},"content":{"rendered":"\n<p>Veja aqui as se\u00e7\u00f5es que devem estar presentes em um modelo de projeto social, com um exemplo de plano completo para um projeto social fict\u00edcio.<\/p>\n\n\n\n<p>Criar um projeto social \u00e9 uma tarefa nobre que pode ter um impacto significativo na vida das pessoas e na comunidade. <\/p>\n\n\n\n<p>Antes de mais nada, \u00e9 preciso <strong>identificar uma necessidade<\/strong> ou problema espec\u00edfico na comunidade que voc\u00ea deseja abordar. Pode ser algo relacionado \u00e0 educa\u00e7\u00e3o, sa\u00fade, meio ambiente, entre outros.<\/p>\n\n\n\n<p>Uma vez identificada a necessidade, <strong>defina um objetivo claro e tang\u00edvel para o seu projeto<\/strong>. Por exemplo, se o problema \u00e9 a falta de acesso \u00e0 educa\u00e7\u00e3o, o objetivo pode ser &#8220;construir uma escola comunit\u00e1ria&#8221;. Fa\u00e7a uma <strong>pesquisa <\/strong>aprofundada sobre o problema e as poss\u00edveis solu\u00e7\u00f5es. <\/p>\n\n\n\n<p>Finalmente, crie um plano detalhado, incluindo <strong>estrat\u00e9gias, atividades, cronograma e or\u00e7amento.<\/strong> Um plano de projeto social bem estruturado \u00e9 essencial para garantir que o projeto seja implementado de forma eficaz e alcance seus objetivos. <\/p>\n\n\n\n<p>Como exemplo vamos utilizar um projeto social fict\u00edcio chamado <strong>Biblioteca Infantil Itinerante<\/strong>, que levar\u00e1 livros infantis a crian\u00e7as carentes.<\/p>\n\n\n\n<p>A seguir temos as se\u00e7\u00f5es t\u00edpicas de um plano para um projeto social. Cada se\u00e7\u00e3o cont\u00e9m um exemplo baseado em nosso projeto social imagin\u00e1rio.<\/p>\n\n\n\n<h2 class=\"wp-block-heading\">1. <strong>Resumo Executivo<\/strong><\/h2>\n\n\n\n<p>O resumo executivo \u00e9 a porta de entrada para o projeto, oferecendo uma vis\u00e3o geral concisa do que se trata, seus principais objetivos e a relev\u00e2ncia de sua implementa\u00e7\u00e3o.<\/p>\n\n\n\n<p>O resumo executivo deve conter:<\/p>\n\n\n\n<ul class=\"wp-block-list\">\n<li><strong>Ideia Central<\/strong>: Uma breve descri\u00e7\u00e3o da ess\u00eancia do projeto.<\/li>\n\n\n\n<li><strong>Prop\u00f3sito<\/strong>: O motivo pelo qual o projeto foi criado.<\/li>\n\n\n\n<li><strong>P\u00fablico-Alvo<\/strong>: Quem se beneficiar\u00e1 diretamente do projeto.<\/li>\n\n\n\n<li><strong>Implementa\u00e7\u00e3o<\/strong>: Um resumo de como o projeto ser\u00e1 colocado em pr\u00e1tica.<\/li>\n<\/ul>\n\n\n\n<div class=\"wp-block-columns has-base-background-color has-background is-layout-flex wp-container-core-columns-is-layout-9d6595d7 wp-block-columns-is-layout-flex\">\n<div class=\"wp-block-column has-base-background-color has-background is-layout-flow wp-block-column-is-layout-flow\" style=\"flex-basis:20px\">\n<h3 class=\"wp-block-heading\"><\/h3>\n<\/div>\n\n\n\n<div class=\"wp-block-column is-layout-flow wp-block-column-is-layout-flow\">\n<h3 class=\"wp-block-heading\"><strong>Exemplo de Resumo Executivo<\/strong><\/h3>\n\n\n\n<p>O projeto &#8216;Biblioteca Infantil Itinerante&#8217; tem como ideia central levar a magia da leitura a crian\u00e7as em comunidades carentes. <\/p>\n\n\n\n<p>Seu prop\u00f3sito \u00e9 fornecer acesso a livros e atividades liter\u00e1rias, reconhecendo o poder da leitura no desenvolvimento infantil. <\/p>\n\n\n\n<p>O p\u00fablico-alvo s\u00e3o crian\u00e7as de 5 a 12 anos em comunidades carentes. <\/p>\n\n\n\n<p>A implementa\u00e7\u00e3o ser\u00e1 feita atrav\u00e9s de uma van equipada que visitar\u00e1 diferentes localidades, promovendo a educa\u00e7\u00e3o e a imagina\u00e7\u00e3o.<\/p>\n<\/div>\n<\/div>\n\n\n\n<h2 class=\"wp-block-heading\"><strong>2. Identifica\u00e7\u00e3o da Necessidade<\/strong><\/h2>\n\n\n\n<p>Esta se\u00e7\u00e3o destaca a import\u00e2ncia do projeto, identificando o problema ou lacuna que ele visa abordar.<\/p>\n\n\n\n<p>Esta se\u00e7\u00e3o dever\u00e1 conter:<\/p>\n\n\n\n<ul class=\"wp-block-list\">\n<li><strong>Problema Identificado<\/strong>: Descri\u00e7\u00e3o detalhada do problema observado.<\/li>\n\n\n\n<li><strong>Magnitude do Problema<\/strong>: A extens\u00e3o ou escala do problema.<\/li>\n\n\n\n<li><strong>Consequ\u00eancias<\/strong>: Os efeitos negativos de n\u00e3o abordar o problema.<\/li>\n<\/ul>\n\n\n\n<div class=\"wp-block-columns has-base-background-color has-background is-layout-flex wp-container-core-columns-is-layout-9d6595d7 wp-block-columns-is-layout-flex\">\n<div class=\"wp-block-column has-base-background-color has-background is-layout-flow wp-block-column-is-layout-flow\" style=\"flex-basis:20px\">\n<h3 class=\"wp-block-heading\"><\/h3>\n<\/div>\n\n\n\n<div class=\"wp-block-column is-layout-flow wp-block-column-is-layout-flow\">\n<h3 class=\"wp-block-heading\"><strong>Exemplo de Identifica\u00e7\u00e3o de Necessidade<\/strong><\/h3>\n\n\n\n<p>O problema identificado \u00e9 a falta de acesso a livros e espa\u00e7os de leitura para crian\u00e7as em comunidades carentes. <\/p>\n\n\n\n<p>A magnitude deste problema \u00e9 ampla, afetando centenas de crian\u00e7as que, por falta de recursos, s\u00e3o privadas de oportunidades educacionais e criativas. <\/p>\n\n\n\n<p>As consequ\u00eancias dessa lacuna incluem limita\u00e7\u00f5es no desenvolvimento cognitivo e criativo das crian\u00e7as, bem como a perpetua\u00e7\u00e3o do ciclo de desigualdade educacional.<\/p>\n<\/div>\n<\/div>\n\n\n\n<div class=\"wp-block-columns is-layout-flex wp-container-core-columns-is-layout-9d6595d7 wp-block-columns-is-layout-flex\"><\/div>\n\n\n\n<p><\/p>\n\n\n\n<h2 class=\"wp-block-heading\"><strong>3. Objetivos<\/strong><\/h2>\n\n\n\n<p>Esta se\u00e7\u00e3o esclarece o que o projeto aspira alcan\u00e7ar, fornecendo uma dire\u00e7\u00e3o clara para todas as atividades.<\/p>\n\n\n\n<p>Esta se\u00e7\u00e3o dever\u00e1 conter:<\/p>\n\n\n\n<ul class=\"wp-block-list\">\n<li><strong>Objetivo Geral<\/strong>: A principal meta ou aspira\u00e7\u00e3o do projeto.<\/li>\n\n\n\n<li><strong>Objetivos Espec\u00edficos<\/strong>: Metas secund\u00e1rias ou passos necess\u00e1rios para alcan\u00e7ar o objetivo geral.<\/li>\n<\/ul>\n\n\n\n<div class=\"wp-block-columns has-base-background-color has-background is-layout-flex wp-container-core-columns-is-layout-9d6595d7 wp-block-columns-is-layout-flex\">\n<div class=\"wp-block-column has-base-background-color has-background is-layout-flow wp-block-column-is-layout-flow\" style=\"flex-basis:20px\">\n<h3 class=\"wp-block-heading\"><\/h3>\n<\/div>\n\n\n\n<div class=\"wp-block-column is-layout-flow wp-block-column-is-layout-flow\">\n<h3 class=\"wp-block-heading\"><strong>Exemplo de Objetivos<\/strong><\/h3>\n\n\n\n<p>O objetivo geral do projeto &#8216;Biblioteca Infantil Itinerante&#8217; \u00e9 promover a leitura e o desenvolvimento cognitivo de crian\u00e7as em comunidades carentes. <\/p>\n\n\n\n<p>Os objetivos espec\u00edficos incluem: <\/p>\n\n\n\n<ul class=\"wp-block-list\">\n<li>Equipar uma van com livros e materiais de leitura adequados para crian\u00e7as; <\/li>\n\n\n\n<li>Visitar pelo menos cinco comunidades diferentes por m\u00eas; e <\/li>\n\n\n\n<li>Organizar sess\u00f5es de conta\u00e7\u00e3o de hist\u00f3rias e atividades liter\u00e1rias em cada visita.<\/li>\n<\/ul>\n<\/div>\n<\/div>\n\n\n\n<h2 class=\"wp-block-heading\"><strong>4. P\u00fablico-Alvo<\/strong><\/h2>\n\n\n\n<p>Esta se\u00e7\u00e3o define claramente quem s\u00e3o os benefici\u00e1rios diretos do projeto, ajudando a direcionar as atividades e recursos de forma eficaz.<\/p>\n\n\n\n<p>Esta se\u00e7\u00e3o dever\u00e1 conter:<\/p>\n\n\n\n<ul class=\"wp-block-list\">\n<li><strong>Descri\u00e7\u00e3o dos Benefici\u00e1rios<\/strong>: Caracter\u00edsticas e perfil dos indiv\u00edduos ou grupos que o projeto visa atender.<\/li>\n\n\n\n<li><strong>N\u00famero Estimado<\/strong>: Uma estimativa da quantidade de pessoas que ser\u00e3o beneficiadas.<\/li>\n\n\n\n<li><strong>Necessidades Espec\u00edficas<\/strong>: Detalhes sobre as necessidades particulares do p\u00fablico-alvo que o projeto visa atender.<\/li>\n<\/ul>\n\n\n\n<p><\/p>\n\n\n\n<div class=\"wp-block-columns has-base-background-color has-background is-layout-flex wp-container-core-columns-is-layout-9d6595d7 wp-block-columns-is-layout-flex\">\n<div class=\"wp-block-column has-base-background-color has-background is-layout-flow wp-block-column-is-layout-flow\" style=\"flex-basis:20px\">\n<h3 class=\"wp-block-heading\"><\/h3>\n<\/div>\n\n\n\n<div class=\"wp-block-column is-layout-flow wp-block-column-is-layout-flow\">\n<h3 class=\"wp-block-heading\"><strong>Exemplo de P\u00fablico Alvo<\/strong><\/h3>\n\n\n\n<p>O p\u00fablico-alvo do &#8216;Biblioteca Infantil Itinerante&#8217; s\u00e3o crian\u00e7as de 5 a 12 anos em comunidades carentes. Estima-se que o projeto beneficiar\u00e1 diretamente cerca de 500 crian\u00e7as por m\u00eas. <\/p>\n\n\n\n<p>Estas crian\u00e7as, muitas vezes, n\u00e3o t\u00eam acesso a materiais de leitura em casa e carecem de est\u00edmulos educacionais e criativos em suas comunidades<\/p>\n<\/div>\n<\/div>\n\n\n\n<h2 class=\"wp-block-heading\"><strong>5. Metodologia<\/strong><\/h2>\n\n\n\n<p>Esta se\u00e7\u00e3o descreve como o projeto ser\u00e1 implementado, detalhando as t\u00e9cnicas, estrat\u00e9gias e atividades que ser\u00e3o utilizadas.<\/p>\n\n\n\n<p>Esta se\u00e7\u00e3o dever\u00e1 conter:<\/p>\n\n\n\n<ul class=\"wp-block-list\">\n<li><strong>Estrat\u00e9gias<\/strong>: Abordagens gerais que guiar\u00e3o a implementa\u00e7\u00e3o do projeto.<\/li>\n\n\n\n<li><strong>T\u00e9cnicas<\/strong>: M\u00e9todos espec\u00edficos que ser\u00e3o empregados.<\/li>\n\n\n\n<li><strong>Atividades Principais<\/strong>: Lista das principais a\u00e7\u00f5es que ser\u00e3o realizadas.<\/li>\n<\/ul>\n\n\n\n<p><\/p>\n\n\n\n<div class=\"wp-block-columns has-base-background-color has-background is-layout-flex wp-container-core-columns-is-layout-9d6595d7 wp-block-columns-is-layout-flex\">\n<div class=\"wp-block-column has-base-background-color has-background is-layout-flow wp-block-column-is-layout-flow\" style=\"flex-basis:20px\">\n<h3 class=\"wp-block-heading\"><\/h3>\n<\/div>\n\n\n\n<div class=\"wp-block-column is-layout-flow wp-block-column-is-layout-flow\">\n<h3 class=\"wp-block-heading\"><strong>Exemplo de Metodologia<\/strong><\/h3>\n\n\n\n<p>A metodologia do &#8216;Biblioteca Infantil Itinerante&#8217; envolve estrat\u00e9gias de engajamento comunit\u00e1rio, com t\u00e9cnicas de conta\u00e7\u00e3o de hist\u00f3rias e leitura compartilhada. <\/p>\n\n\n\n<p>As atividades principais incluem: <\/p>\n\n\n\n<ul class=\"wp-block-list\">\n<li>sele\u00e7\u00e3o e compra de livros, <\/li>\n\n\n\n<li>organiza\u00e7\u00e3o da van, <\/li>\n\n\n\n<li>visitas programadas \u00e0s comunidades, <\/li>\n\n\n\n<li>sess\u00f5es de leitura e <\/li>\n\n\n\n<li>workshops de capacita\u00e7\u00e3o para volunt\u00e1rios.<\/li>\n<\/ul>\n<\/div>\n<\/div>\n\n\n\n<h2 class=\"wp-block-heading\"><strong>6. Recursos Necess\u00e1rios<\/strong><\/h2>\n\n\n\n<p>Esta se\u00e7\u00e3o detalha os recursos essenciais para a realiza\u00e7\u00e3o do projeto, garantindo que todas as necessidades sejam identificadas e atendidas.<\/p>\n\n\n\n<p>Esta se\u00e7\u00e3o deve conter:<\/p>\n\n\n\n<ul class=\"wp-block-list\">\n<li><strong>Recursos Humanos<\/strong>: Equipe, volunt\u00e1rios, parceiros e suas respectivas responsabilidades.<\/li>\n\n\n\n<li><strong>Recursos Materiais<\/strong>: Equipamentos, infraestrutura e outros materiais necess\u00e1rios.<\/li>\n\n\n\n<li><strong>Recursos Financeiros<\/strong>: Or\u00e7amento detalhado, incluindo fontes de financiamento e despesas previstas.<\/li>\n<\/ul>\n\n\n\n<p><\/p>\n\n\n\n<div class=\"wp-block-columns has-base-background-color has-background is-layout-flex wp-container-core-columns-is-layout-9d6595d7 wp-block-columns-is-layout-flex\">\n<div class=\"wp-block-column has-base-background-color has-background is-layout-flow wp-block-column-is-layout-flow\" style=\"flex-basis:20px\">\n<h3 class=\"wp-block-heading\"><\/h3>\n<\/div>\n\n\n\n<div class=\"wp-block-column is-layout-flow wp-block-column-is-layout-flow\">\n<h3 class=\"wp-block-heading\"><strong>Exemplo de Recursos Necess\u00e1rios<\/strong><\/h3>\n\n\n\n<p>O &#8216;Biblioteca Infantil Itinerante&#8217; necessitar\u00e1 de uma equipe de coordena\u00e7\u00e3o, volunt\u00e1rios para conduzir as sess\u00f5es de leitura, e parceiros locais para apoio log\u00edstico. <\/p>\n\n\n\n<p>Em termos materiais, a van, estantes, livros e materiais de leitura s\u00e3o essenciais. <\/p>\n\n\n\n<p>O or\u00e7amento previsto \u00e9 de $20.000 para o primeiro ano, incluindo a aquisi\u00e7\u00e3o da van, livros e despesas operacionais.<\/p>\n<\/div>\n<\/div>\n\n\n\n<div class=\"wp-block-columns has-base-background-color has-background is-layout-flex wp-container-core-columns-is-layout-9d6595d7 wp-block-columns-is-layout-flex\">\n<div class=\"wp-block-column is-vertically-aligned-center is-layout-flow wp-block-column-is-layout-flow\">\n<figure class=\"wp-block-image size-full\"><a href=\"https:\/\/www.ongsbrasil.com.br\/blog\/ideias-de-projetos-sociais\/\"><img loading=\"lazy\" decoding=\"async\" width=\"1920\" height=\"1080\" src=\"https:\/\/www.ongsbrasil.com.br\/blog\/wp-content\/uploads\/2023\/10\/ideias-de-projetos-sociais-1.jpg\" alt=\"Ideias de Projetos Sociais\" class=\"wp-image-236\"\/><\/a><\/figure>\n<\/div>\n\n\n\n<div class=\"wp-block-column is-vertically-aligned-center is-layout-flow wp-block-column-is-layout-flow\">\n<h3 class=\"wp-block-heading has-contrast-color has-text-color\">Ideias de Projetos Sociais<\/h3>\n\n\n\n<p>Veja neste post diversas ideias de projetos sociais para voc\u00ea criar o seu!<\/p>\n\n\n\n<div class=\"wp-block-buttons is-layout-flex wp-block-buttons-is-layout-flex\">\n<div class=\"wp-block-button\"><a class=\"wp-block-button__link has-accent-background-color has-background wp-element-button\" href=\"https:\/\/www.ongsbrasil.com.br\/blog\/ideias-de-projetos-sociais\/\" style=\"border-radius:0px\">VER POST<\/a><\/div>\n<\/div>\n<\/div>\n<\/div>\n\n\n\n<h2 class=\"wp-block-heading\">7. <strong>Cronograma<\/strong><\/h2>\n\n\n\n<p>O cronograma \u00e9 uma ferramenta essencial para a gest\u00e3o e implementa\u00e7\u00e3o do projeto, oferecendo uma vis\u00e3o clara das atividades, prazos e responsabilidades ao longo do tempo.<\/p>\n\n\n\n<p>Esta se\u00e7\u00e3o deve conter:<\/p>\n\n\n\n<ul class=\"wp-block-list\">\n<li><strong>Atividades<\/strong>: Lista detalhada das tarefas e a\u00e7\u00f5es que ser\u00e3o realizadas.<\/li>\n\n\n\n<li><strong>Prazos<\/strong>: Datas de in\u00edcio e t\u00e9rmino previstas para cada atividade.<\/li>\n\n\n\n<li><strong>Respons\u00e1veis<\/strong>: Indica\u00e7\u00e3o de quem estar\u00e1 encarregado de cada tarefa.<\/li>\n<\/ul>\n\n\n\n<p><\/p>\n\n\n\n<div class=\"wp-block-columns has-base-background-color has-background is-layout-flex wp-container-core-columns-is-layout-9d6595d7 wp-block-columns-is-layout-flex\">\n<div class=\"wp-block-column has-base-background-color has-background is-layout-flow wp-block-column-is-layout-flow\" style=\"flex-basis:20px\">\n<h3 class=\"wp-block-heading\"><\/h3>\n<\/div>\n\n\n\n<div class=\"wp-block-column is-layout-flow wp-block-column-is-layout-flow\">\n<h3 class=\"wp-block-heading\"><strong>Exemplo de Cronograma<\/strong><\/h3>\n\n\n\n<figure class=\"wp-block-table has-small-font-size\"><table><thead><tr><th>Atividade<\/th><th>Data de In\u00edcio<\/th><th>Data de T\u00e9rmino<\/th><th>Respons\u00e1vel<\/th><\/tr><\/thead><tbody><tr><td>Aquisi\u00e7\u00e3o da van<\/td><td>01\/01\/2023<\/td><td>15\/01\/2023<\/td><td>Jo\u00e3o Silva<\/td><\/tr><tr><td>Sele\u00e7\u00e3o e compra de livros<\/td><td>16\/01\/2023<\/td><td>31\/01\/2023<\/td><td>Maria Oliveira<\/td><\/tr><tr><td>Equipamento da van<\/td><td>01\/02\/2023<\/td><td>15\/02\/2023<\/td><td>Pedro Costa<\/td><\/tr><tr><td>Treinamento de volunt\u00e1rios<\/td><td>16\/02\/2023<\/td><td>28\/02\/2023<\/td><td>Ana Pereira<\/td><\/tr><tr><td>Primeira visita a uma comunidade<\/td><td>01\/03\/2023<\/td><td>01\/03\/2023<\/td><td>Equipe completa<\/td><\/tr><tr><td>Avalia\u00e7\u00e3o da primeira visita<\/td><td>02\/03\/2023<\/td><td>05\/03\/2023<\/td><td>Carla Dias<\/td><\/tr><tr><td>Planejamento das pr\u00f3ximas visitas<\/td><td>06\/03\/2023<\/td><td>10\/03\/2023<\/td><td>Jo\u00e3o Silva<\/td><\/tr><\/tbody><\/table><\/figure>\n<\/div>\n<\/div>\n\n\n\n<h2 class=\"wp-block-heading\"><strong>8. Avalia\u00e7\u00e3o e Monitoramento<\/strong><\/h2>\n\n\n\n<p>Esta se\u00e7\u00e3o estabelece como o progresso e o impacto do projeto ser\u00e3o avaliados ao longo do tempo.<\/p>\n\n\n\n<p>Esta se\u00e7\u00e3o deve conter:<\/p>\n\n\n\n<ul class=\"wp-block-list\">\n<li><strong>Indicadores de Desempenho<\/strong>: M\u00e9tricas espec\u00edficas que ser\u00e3o usadas para avaliar o sucesso do projeto.<\/li>\n\n\n\n<li><strong>Frequ\u00eancia das Avalia\u00e7\u00f5es<\/strong>: Quando e com que frequ\u00eancia as avalia\u00e7\u00f5es ser\u00e3o realizadas.<\/li>\n\n\n\n<li><strong>M\u00e9todos de Coleta de Dados<\/strong>: Como os dados ser\u00e3o obtidos para avalia\u00e7\u00e3o.<\/li>\n<\/ul>\n\n\n\n<p><\/p>\n\n\n\n<div class=\"wp-block-columns has-base-background-color has-background is-layout-flex wp-container-core-columns-is-layout-9d6595d7 wp-block-columns-is-layout-flex\">\n<div class=\"wp-block-column has-base-background-color has-background is-layout-flow wp-block-column-is-layout-flow\" style=\"flex-basis:20px\">\n<h3 class=\"wp-block-heading\"><\/h3>\n<\/div>\n\n\n\n<div class=\"wp-block-column is-layout-flow wp-block-column-is-layout-flow\">\n<h3 class=\"wp-block-heading\"><strong>Exemplo de Avalia\u00e7\u00e3o e Monitoramento<\/strong><\/h3>\n\n\n\n<p>O sucesso do &#8216;Biblioteca Infantil Itinerante&#8217; ser\u00e1 medido por indicadores como o n\u00famero de crian\u00e7as atendidas, o aumento no interesse pela leitura e o feedback dos participantes.<\/p>\n\n\n\n<p> Avalia\u00e7\u00f5es ser\u00e3o realizadas trimestralmente, utilizando question\u00e1rios, entrevistas e observa\u00e7\u00f5es diretas.<\/p>\n<\/div>\n<\/div>\n\n\n\n<div class=\"wp-block-columns has-base-background-color has-background is-layout-flex wp-container-core-columns-is-layout-9d6595d7 wp-block-columns-is-layout-flex\">\n<div class=\"wp-block-column is-vertically-aligned-center is-layout-flow wp-block-column-is-layout-flow\">\n<figure class=\"wp-block-image size-full is-resized\"><a href=\"https:\/\/www.ongsbrasil.com.br\/blog\/exemplos-de-projetos-sociais\/\"><img loading=\"lazy\" decoding=\"async\" src=\"https:\/\/www.ongsbrasil.com.br\/blog\/wp-content\/uploads\/2023\/10\/exemplos-de-projetos-sociais.jpg\" alt=\"Exemplos de Projetos Sociais\" class=\"wp-image-234\" style=\"width:353px;height:198px\" width=\"353\" height=\"198\"\/><\/a><\/figure>\n<\/div>\n\n\n\n<div class=\"wp-block-column is-vertically-aligned-center is-layout-flow wp-block-column-is-layout-flow\">\n<h3 class=\"wp-block-heading has-contrast-color has-text-color\">Exemplos de Projetos Sociais<\/h3>\n\n\n\n<p>Veja neste post exemplos de projetos sociais j\u00e1 existentes, e estimule-se a criar o seu!<\/p>\n\n\n\n<div class=\"wp-block-buttons is-layout-flex wp-block-buttons-is-layout-flex\">\n<div class=\"wp-block-button\"><a class=\"wp-block-button__link has-accent-background-color has-background wp-element-button\" href=\"https:\/\/www.ongsbrasil.com.br\/blog\/exemplos-de-projetos-sociais\/\" style=\"border-radius:0px\">VER POST<\/a><\/div>\n<\/div>\n<\/div>\n<\/div>\n\n\n\n<h2 class=\"wp-block-heading\"><strong>9. Comunica\u00e7\u00e3o e Divulga\u00e7\u00e3o<\/strong><\/h2>\n\n\n\n<p>Esta se\u00e7\u00e3o detalha como o projeto ser\u00e1 promovido e comunicado ao p\u00fablico e aos stakeholders.<\/p>\n\n\n\n<p>Esta se\u00e7\u00e3o deve conter:<\/p>\n\n\n\n<ul class=\"wp-block-list\">\n<li><strong>Estrat\u00e9gias de Comunica\u00e7\u00e3o<\/strong>: Abordagens para informar e envolver o p\u00fablico.<\/li>\n\n\n\n<li><strong>Canais de Divulga\u00e7\u00e3o<\/strong>: M\u00eddias e plataformas que ser\u00e3o utilizadas.<\/li>\n<\/ul>\n\n\n\n<p><\/p>\n\n\n\n<div class=\"wp-block-columns has-base-background-color has-background is-layout-flex wp-container-core-columns-is-layout-9d6595d7 wp-block-columns-is-layout-flex\">\n<div class=\"wp-block-column has-base-background-color has-background is-layout-flow wp-block-column-is-layout-flow\" style=\"flex-basis:20px\">\n<h3 class=\"wp-block-heading\"><\/h3>\n<\/div>\n\n\n\n<div class=\"wp-block-column is-layout-flow wp-block-column-is-layout-flow\">\n<h3 class=\"wp-block-heading\"><strong>Exemplo de Comunica\u00e7\u00e3o<\/strong><\/h3>\n\n\n\n<p>O &#8216;Biblioteca Infantil Itinerante&#8217; ser\u00e1 promovido atrav\u00e9s de campanhas nas redes sociais, parcerias com escolas locais e cobertura da m\u00eddia local. <\/p>\n\n\n\n<p>Canais como Facebook, Instagram e an\u00fancios em r\u00e1dios locais ser\u00e3o utilizados para alcan\u00e7ar um p\u00fablico mais amplo.<\/p>\n<\/div>\n<\/div>\n\n\n\n<h2 class=\"wp-block-heading\"><strong>10. Riscos e Desafios<\/strong><\/h2>\n\n\n\n<p>Identificar potenciais obst\u00e1culos e desafios ajuda a preparar o projeto para adversidades.<\/p>\n\n\n\n<p>Esta se\u00e7\u00e3o deve conter:<\/p>\n\n\n\n<ul class=\"wp-block-list\">\n<li><strong>Riscos Potenciais<\/strong>: Eventos ou situa\u00e7\u00f5es que podem adversamente afetar o projeto.<\/li>\n\n\n\n<li><strong>Planos de Mitiga\u00e7\u00e3o<\/strong>: Estrat\u00e9gias para lidar com ou prevenir esses riscos.<\/li>\n<\/ul>\n\n\n\n<p><\/p>\n\n\n\n<div class=\"wp-block-columns has-base-background-color has-background is-layout-flex wp-container-core-columns-is-layout-9d6595d7 wp-block-columns-is-layout-flex\">\n<div class=\"wp-block-column has-base-background-color has-background is-layout-flow wp-block-column-is-layout-flow\" style=\"flex-basis:20px\">\n<h3 class=\"wp-block-heading\"><\/h3>\n<\/div>\n\n\n\n<div class=\"wp-block-column is-layout-flow wp-block-column-is-layout-flow\">\n<h3 class=\"wp-block-heading\"><strong>Exemplo de Riscos e Desafios<\/strong><\/h3>\n\n\n\n<p>Um risco potencial para o &#8216;Biblioteca Infantil Itinerante&#8217; \u00e9 a resist\u00eancia de algumas comunidades ou a falta de engajamento das crian\u00e7as. <\/p>\n\n\n\n<p>Para mitigar isso, ser\u00e3o realizadas sess\u00f5es de sensibiliza\u00e7\u00e3o comunit\u00e1ria e atividades interativas para atrair o interesse das crian\u00e7as.&#8221;<\/p>\n<\/div>\n<\/div>\n\n\n\n<h2 class=\"wp-block-heading\"><strong>11. Conclus\u00e3o<\/strong><\/h2>\n\n\n\n<p>Esta se\u00e7\u00e3o final resume a import\u00e2ncia do projeto e reitera seu valor para a comunidade.<\/p>\n\n\n\n<p>Esta se\u00e7\u00e3o deve conter:<\/p>\n\n\n\n<ul class=\"wp-block-list\">\n<li><strong>Reafirma\u00e7\u00e3o da Miss\u00e3o<\/strong>: Relembrar o prop\u00f3sito central do projeto.<\/li>\n\n\n\n<li><strong>Vis\u00e3o de Futuro<\/strong>: Onde o projeto espera estar em um futuro pr\u00f3ximo ou a longo prazo.<\/li>\n<\/ul>\n\n\n\n<p><\/p>\n\n\n\n<div class=\"wp-block-columns has-base-background-color has-background is-layout-flex wp-container-core-columns-is-layout-9d6595d7 wp-block-columns-is-layout-flex\">\n<div class=\"wp-block-column has-base-background-color has-background is-layout-flow wp-block-column-is-layout-flow\" style=\"flex-basis:20px\">\n<h3 class=\"wp-block-heading\"><\/h3>\n<\/div>\n\n\n\n<div class=\"wp-block-column is-layout-flow wp-block-column-is-layout-flow\">\n<h3 class=\"wp-block-heading\"><strong>Exemplo de Conclus\u00e3o<\/strong><\/h3>\n\n\n\n<p>O &#8216;Biblioteca Infantil Itinerante&#8217; nasceu da paix\u00e3o pela leitura e da cren\u00e7a em seu poder transformador. Ao levar livros e atividades liter\u00e1rias a comunidades carentes, esperamos n\u00e3o apenas fomentar o amor pela leitura, mas tamb\u00e9m abrir portas para um futuro mais brilhante para cada crian\u00e7a atendida. <\/p>\n\n\n\n<p>Enxergamos um futuro onde cada comunidade tem acesso regular \u00e0 literatura e onde cada crian\u00e7a \u00e9 capacitada atrav\u00e9s do conhecimento.&#8221;<\/p>\n<\/div>\n<\/div>\n","protected":false},"excerpt":{"rendered":"<p>Veja aqui as se\u00e7\u00f5es que devem estar presentes em um modelo de projeto social, com um exemplo de plano completo para um projeto social fict\u00edcio.<\/p>\n","protected":false},"author":1,"featured_media":259,"comment_status":"closed","ping_status":"closed","sticky":false,"template":"","format":"standard","meta":{"footnotes":""},"categories":[30],"tags":[5],"class_list":["post-250","post","type-post","status-publish","format-standard","has-post-thumbnail","hentry","category-projeto-social","tag-projeto-social"],"_links":{"self":[{"href":"https:\/\/ongsbrasil.com.br\/blog\/wp-json\/wp\/v2\/posts\/250","targetHints":{"allow":["GET"]}}],"collection":[{"href":"https:\/\/ongsbrasil.com.br\/blog\/wp-json\/wp\/v2\/posts"}],"about":[{"href":"https:\/\/ongsbrasil.com.br\/blog\/wp-json\/wp\/v2\/types\/post"}],"author":[{"embeddable":true,"href":"https:\/\/ongsbrasil.com.br\/blog\/wp-json\/wp\/v2\/users\/1"}],"replies":[{"embeddable":true,"href":"https:\/\/ongsbrasil.com.br\/blog\/wp-json\/wp\/v2\/comments?post=250"}],"version-history":[{"count":11,"href":"https:\/\/ongsbrasil.com.br\/blog\/wp-json\/wp\/v2\/posts\/250\/revisions"}],"predecessor-version":[{"id":262,"href":"https:\/\/ongsbrasil.com.br\/blog\/wp-json\/wp\/v2\/posts\/250\/revisions\/262"}],"wp:featuredmedia":[{"embeddable":true,"href":"https:\/\/ongsbrasil.com.br\/blog\/wp-json\/wp\/v2\/media\/259"}],"wp:attachment":[{"href":"https:\/\/ongsbrasil.com.br\/blog\/wp-json\/wp\/v2\/media?parent=250"}],"wp:term":[{"taxonomy":"category","embeddable":true,"href":"https:\/\/ongsbrasil.com.br\/blog\/wp-json\/wp\/v2\/categories?post=250"},{"taxonomy":"post_tag","embeddable":true,"href":"https:\/\/ongsbrasil.com.br\/blog\/wp-json\/wp\/v2\/tags?post=250"}],"curies":[{"name":"wp","href":"https:\/\/api.w.org\/{rel}","templated":true}]}}