{"id":225,"date":"2023-10-17T10:27:20","date_gmt":"2023-10-17T07:27:20","guid":{"rendered":"https:\/\/www.ongsbrasil.com.br\/blog\/?p=225"},"modified":"2023-10-17T10:37:38","modified_gmt":"2023-10-17T07:37:38","slug":"exemplos-de-projetos-sociais","status":"publish","type":"post","link":"https:\/\/ongsbrasil.com.br\/blog\/exemplos-de-projetos-sociais\/","title":{"rendered":"Exemplos de Projetos Sociais"},"content":{"rendered":"\n<p>Listamos abaixo diversos exemplos projetos sociais realizados por ONGs (Organiza\u00e7\u00f5es n\u00e3o Governamentais) j\u00e1 constitu\u00eddas. N\u00e3o \u00e9 necess\u00e1rio que voc\u00ea crie uma ONG para realizar um projeto social, mas se estruturar em uma ONG ajuda muito na obten\u00e7\u00e3o de financiamento, por exemplo.<\/p>\n\n\n\n<h2 class=\"wp-block-heading\"><strong>Projeto Tamar<\/strong><\/h2>\n\n\n\n<p class=\"has-base-background-color has-background\">\u00c1rea do projeto: <strong>conserva\u00e7\u00e3o ambiental<\/strong>.<\/p>\n\n\n\n<p>Realizado pelo <strong>Instituto Chico Mendes de Conserva\u00e7\u00e3o da Biodiversidade (ICMBio)<\/strong>.<\/p>\n\n\n\n<p>O Projeto Tamar se dedica \u00e0 preserva\u00e7\u00e3o das tartarugas marinhas no litoral brasileiro. Eles realizam atividades de pesquisa, educa\u00e7\u00e3o ambiental e prote\u00e7\u00e3o das tartarugas, al\u00e9m de envolver comunidades locais na conserva\u00e7\u00e3o.<\/p>\n\n\n\n<h2 class=\"wp-block-heading\"><strong>Programa Escola Faixa Preta<\/strong><\/h2>\n\n\n\n<p class=\"has-base-background-color has-background\">\u00c1rea de Atua\u00e7\u00e3o: <strong>crian\u00e7as e adolescentes<\/strong><\/p>\n\n\n\n<p>Realizado pelo <strong><a href=\"https:\/\/www.ongsbrasil.com.br\/default.asp?Pag=2&amp;Destino=InstituicoesTemplate&amp;CodigoInstituicao=21423&amp;Instituicao=Instituto-Reacao\" target=\"_blank\" rel=\"noreferrer noopener\">Instituto Rea\u00e7\u00e3o<\/a><\/strong>, no Rio de Janeiro.  Fundado pelo medalhista ol\u00edmpico Fl\u00e1vio Canto, o Instituto Rea\u00e7\u00e3o usa o jud\u00f4 como ferramenta de inclus\u00e3o social para crian\u00e7as e jovens em comunidades carentes do Rio de Janeiro, promovendo educa\u00e7\u00e3o, cidadania e valores.<\/p>\n\n\n\n<p>O programa <strong>Rea\u00e7\u00e3o Escola Faixa-Preta <\/strong>oferece <strong>aulas de jud\u00f4 e jiu-jitsu para crian\u00e7as e jovens <\/strong>a partir de quatro anos. As atividades s\u00e3o focadas em 3 dimens\u00f5es diferentes: a t\u00e9cnica da arte marcial, a condi\u00e7\u00e3o motora dos alunos e a metodologia de valores. Al\u00e9m disso, todos eles praticam, de forma integrada ao jud\u00f4, a t\u00e9cnica da&nbsp;<a href=\"https:\/\/institutoreacao.org.br\/reacao-meditacao\/\">Medita\u00e7\u00e3o Transcendental<\/a>&nbsp;durante as aulas.<\/p>\n\n\n\n<p>A cada ano os 6 valores s\u00e3o trabalhados nas aulas de jud\u00f4, onde os senseis realizam atividades de sensibiliza\u00e7\u00e3o com os alunos, trazendo a reflex\u00e3o de ensinamentos importantes tanto no esporte quanto na vida.<\/p>\n\n\n\n<h2 class=\"wp-block-heading\"><strong>Projeto Edulab21<\/strong><\/h2>\n\n\n\n<p class=\"has-base-background-color has-background\">\u00c1rea de atua\u00e7\u00e3o: <strong>educa\u00e7\u00e3o<\/strong><\/p>\n\n\n\n<p>Realizado pelo <strong><a href=\"https:\/\/www.ongsbrasil.com.br\/default.asp?Pag=2&amp;Destino=InstituicoesTemplate&amp;CodigoInstituicao=6882&amp;Instituicao=Instituto-Ayrton-Senna\" target=\"_blank\" rel=\"noreferrer noopener\">Instituto Ayrton Senna<\/a><\/strong>, S\u00e3o Paulo. Fundado em homenagem ao lend\u00e1rio piloto de F\u00f3rmula 1, o Instituto Ayrton Senna se concentra na melhoria da qualidade da educa\u00e7\u00e3o no Brasil. Eles desenvolvem projetos educacionais inovadores e apoiam escolas p\u00fablicas em todo o pa\u00eds.<\/p>\n\n\n\n<p>O <strong>projeto Edulab21<\/strong> re\u00fane cientistas e centros de pesquisas de diversas \u00e1reas do conhecimento, atuando desde 2015 para produzir, organizar, traduzir e aplicar os <strong>achados da ci\u00eancia em prol da concretiza\u00e7\u00e3o da educa\u00e7\u00e3o integral<\/strong>.<\/p>\n\n\n\n<div class=\"wp-block-columns has-base-background-color has-background is-layout-flex wp-container-core-columns-is-layout-9d6595d7 wp-block-columns-is-layout-flex\">\n<div class=\"wp-block-column is-vertically-aligned-center is-layout-flow wp-block-column-is-layout-flow\">\n<figure class=\"wp-block-image size-full\"><a href=\"https:\/\/www.ongsbrasil.com.br\/blog\/como-montar-um-projeto-social\/\"><img loading=\"lazy\" decoding=\"async\" width=\"1920\" height=\"1080\" src=\"https:\/\/www.ongsbrasil.com.br\/blog\/wp-content\/uploads\/2023\/10\/como-montar-um-projeto-social.png\" alt=\"Como montar um projeto social\" class=\"wp-image-200\"\/><\/a><\/figure>\n<\/div>\n\n\n\n<div class=\"wp-block-column is-vertically-aligned-center is-layout-flow wp-block-column-is-layout-flow\">\n<h3 class=\"wp-block-heading has-contrast-color has-text-color\">Como Montar um Projeto Social<\/h3>\n\n\n\n<p>Veja neste post os passos b\u00e1sicos para montar um projeto social!<\/p>\n\n\n\n<div class=\"wp-block-buttons is-layout-flex wp-block-buttons-is-layout-flex\">\n<div class=\"wp-block-button\"><a class=\"wp-block-button__link has-accent-background-color has-background wp-element-button\" style=\"border-radius:0px\">VER POST<\/a><\/div>\n<\/div>\n<\/div>\n<\/div>\n\n\n\n<h2 class=\"wp-block-heading\"><strong>Crian\u00e7a Esperan\u00e7a<\/strong> <\/h2>\n\n\n\n<p class=\"has-base-background-color has-background\">\u00c1rea de Atua\u00e7\u00e3o: <strong>crian\u00e7as e adolescentes<\/strong><\/p>\n\n\n\n<p>Uma parceria entre a UNESCO e a TV Globo, o Crian\u00e7a Esperan\u00e7a \u00e9 um projeto de arrecada\u00e7\u00e3o de fundos que financia programas sociais em todo o Brasil. Os recursos s\u00e3o usados para apoiar iniciativas de educa\u00e7\u00e3o, sa\u00fade, cultura e esporte para crian\u00e7as e adolescentes.<\/p>\n\n\n\n<h2 class=\"wp-block-heading\"><strong>Projeto Chama Zezinho<\/strong><\/h2>\n\n\n\n<p class=\"has-base-background-color has-background\">\u00c1rea de Atua\u00e7\u00e3o: <strong>crian\u00e7as e adolescentes<\/strong><\/p>\n\n\n\n<p>Realizado pela <strong><a href=\"https:\/\/www.ongsbrasil.com.br\/default.asp?Pag=2&amp;Destino=InstituicoesTemplate&amp;CodigoInstituicao=9954&amp;Instituicao=Associacao-Educacional-e-Assistencial-Casa-do-Zezinho\" target=\"_blank\" rel=\"noreferrer noopener\">Casa do Zezinho<\/a><\/strong> (Associa\u00e7\u00e3o Beneficente Casa do Zezinho. Localizada em S\u00e3o Paulo, a Casa do Zezinho oferece programas educacionais e culturais para crian\u00e7as e adolescentes em situa\u00e7\u00e3o de vulnerabilidade social. Seu objetivo \u00e9 promover o desenvolvimento pessoal e social desses jovens.<\/p>\n\n\n\n<p>O projeto<strong> Chama Zezinho<\/strong> promove a pr\u00e1tica de jogos adaptados, lutas marciais e recrea\u00e7\u00e3o para as crian\u00e7as e jovens!<\/p>\n\n\n\n<div class=\"wp-block-columns has-base-background-color has-background is-layout-flex wp-container-core-columns-is-layout-9d6595d7 wp-block-columns-is-layout-flex\">\n<div class=\"wp-block-column is-vertically-aligned-center is-layout-flow wp-block-column-is-layout-flow\">\n<figure class=\"wp-block-image size-full\"><a href=\"https:\/\/www.ongsbrasil.com.br\/blog\/ideias-de-projetos-sociais\/\"><img loading=\"lazy\" decoding=\"async\" width=\"1920\" height=\"1080\" src=\"https:\/\/www.ongsbrasil.com.br\/blog\/wp-content\/uploads\/2023\/10\/ideias-de-projetos-sociais-1.jpg\" alt=\"Ideias de Projetos Sociais\" class=\"wp-image-236\"\/><\/a><\/figure>\n<\/div>\n\n\n\n<div class=\"wp-block-column is-vertically-aligned-center is-layout-flow wp-block-column-is-layout-flow\">\n<h3 class=\"wp-block-heading has-contrast-color has-text-color\">Ideias de Projetos Sociais<\/h3>\n\n\n\n<p>Veja neste post diversas ideias de projetos sociais para voc\u00ea criar o seu!<\/p>\n\n\n\n<div class=\"wp-block-buttons is-layout-flex wp-block-buttons-is-layout-flex\">\n<div class=\"wp-block-button\"><a class=\"wp-block-button__link has-accent-background-color has-background wp-element-button\" href=\"https:\/\/www.ongsbrasil.com.br\/blog\/ideias-de-projetos-sociais\/\" style=\"border-radius:0px\">VER POST<\/a><\/div>\n<\/div>\n<\/div>\n<\/div>\n","protected":false},"excerpt":{"rendered":"<p>Listamos aqui diversos exemplos projetos sociais realizados por ONGs j\u00e1 constitu\u00eddas, que podem inspirar seu pr\u00f3ximo projeto!<\/p>\n","protected":false},"author":1,"featured_media":234,"comment_status":"closed","ping_status":"closed","sticky":false,"template":"","format":"standard","meta":{"footnotes":""},"categories":[30],"tags":[5],"class_list":["post-225","post","type-post","status-publish","format-standard","has-post-thumbnail","hentry","category-projeto-social","tag-projeto-social"],"_links":{"self":[{"href":"https:\/\/ongsbrasil.com.br\/blog\/wp-json\/wp\/v2\/posts\/225","targetHints":{"allow":["GET"]}}],"collection":[{"href":"https:\/\/ongsbrasil.com.br\/blog\/wp-json\/wp\/v2\/posts"}],"about":[{"href":"https:\/\/ongsbrasil.com.br\/blog\/wp-json\/wp\/v2\/types\/post"}],"author":[{"embeddable":true,"href":"https:\/\/ongsbrasil.com.br\/blog\/wp-json\/wp\/v2\/users\/1"}],"replies":[{"embeddable":true,"href":"https:\/\/ongsbrasil.com.br\/blog\/wp-json\/wp\/v2\/comments?post=225"}],"version-history":[{"count":11,"href":"https:\/\/ongsbrasil.com.br\/blog\/wp-json\/wp\/v2\/posts\/225\/revisions"}],"predecessor-version":[{"id":245,"href":"https:\/\/ongsbrasil.com.br\/blog\/wp-json\/wp\/v2\/posts\/225\/revisions\/245"}],"wp:featuredmedia":[{"embeddable":true,"href":"https:\/\/ongsbrasil.com.br\/blog\/wp-json\/wp\/v2\/media\/234"}],"wp:attachment":[{"href":"https:\/\/ongsbrasil.com.br\/blog\/wp-json\/wp\/v2\/media?parent=225"}],"wp:term":[{"taxonomy":"category","embeddable":true,"href":"https:\/\/ongsbrasil.com.br\/blog\/wp-json\/wp\/v2\/categories?post=225"},{"taxonomy":"post_tag","embeddable":true,"href":"https:\/\/ongsbrasil.com.br\/blog\/wp-json\/wp\/v2\/tags?post=225"}],"curies":[{"name":"wp","href":"https:\/\/api.w.org\/{rel}","templated":true}]}}